{"id":389,"date":"2022-06-09T21:29:25","date_gmt":"2022-06-09T19:29:25","guid":{"rendered":"http:\/\/www.astrologue-humaniste.com\/FR\/?p=389"},"modified":"2022-06-09T21:29:26","modified_gmt":"2022-06-09T19:29:26","slug":"premier-quartier-le-7-juin-2022","status":"publish","type":"post","link":"https:\/\/www.astrologue-humaniste.com\/FR\/index.php\/2022\/06\/09\/premier-quartier-le-7-juin-2022\/","title":{"rendered":"Premier Quartier le 7 juin 2022"},"content":{"rendered":"\n<p class=\"has-text-color\" style=\"color:#b8226b\">Premier Quartier le 7 juin 2022 \u00e0 14h48 TU (16h48 \u00e0 Paris)<\/p>\n\n\n\n<p class=\"has-text-color\" style=\"color:#b8226b\">La soci\u00e9t\u00e9 peut rejeter, ou pas, la vision agressive et mat\u00e9rialiste de certains individus pour la suite de l&rsquo;Humanit\u00e9.<\/p>\n\n\n\n<p class=\"has-text-color\" style=\"color:#b8226b\">L&rsquo;invitation est \u00e0 conscientiser et exprimer clairement ce que nous voulons au niveau collectif. L&rsquo;humain en est-il r\u00e9duit \u00e0 se battre pour continuer \u00e0 vendre les richesses que la Terre offre ? En est-il r\u00e9duit \u00e0 qu\u00e9mander du pain et des jeux ? La s\u00e9curit\u00e9 et le contr\u00f4le (d\u00e9fense militaire &#8211; vaccin providentiel &#8211; nourriture industrielle &#8211; ordre policier &#8211; salaire minimum (pour tous) &#8211; ing\u00e9nierie g\u00e9oclimatique \u2026) sont-elles les seules notions favorables ? Est-ce cela toute l&rsquo;Evolution acquise par l&rsquo;Humanit\u00e9 ? Est-ce cela tout le joug de notre avenir ?<\/p>\n\n\n\n<p class=\"has-text-color\" style=\"color:#b8226b\">Les \u00e9nergies Verseau peuvent favoriser l&rsquo;id\u00e9al collectif supr\u00eame, avec Saturne en Verseau par exemple, la mont\u00e9e du fascisme au d\u00e9but des ann\u00e9es 1930 ou la chute et la dislocation du r\u00e9gime sovi\u00e9tique et le retour \u00e0 la d\u00e9mocratie pour beaucoup de peuples dans les ann\u00e9es 1990.<\/p>\n\n\n\n<p class=\"has-text-color\" style=\"color:#b8226b\">Le solstice est dans quelques jours, quelques jours encore o\u00f9 la Lumi\u00e8re peut cro\u00eetre. Que choisissons-nous pour notre Humanit\u00e9, l&rsquo;\u00e9volution ou la fixit\u00e9 ? L&rsquo;Esprit ou la mati\u00e8re ? L&rsquo;Anim\u00e9 ou l&rsquo;animal ? La Conscience ou l&rsquo;inconscience ? La Lumi\u00e8re ou l&rsquo;ombre ?<\/p>\n\n\n\n<p class=\"has-text-color\" style=\"color:#b8226b\">Paix et Partage.<\/p>\n\n\n\n<figure class=\"wp-block-image size-large\"><img loading=\"lazy\" decoding=\"async\" width=\"1024\" height=\"1021\" src=\"https:\/\/www.astrologue-humaniste.com\/FR\/wp-content\/uploads\/2022\/06\/2022-06-07-1024x1021.jpg\" alt=\"\" class=\"wp-image-390\" srcset=\"https:\/\/www.astrologue-humaniste.com\/FR\/wp-content\/uploads\/2022\/06\/2022-06-07-1024x1021.jpg 1024w, https:\/\/www.astrologue-humaniste.com\/FR\/wp-content\/uploads\/2022\/06\/2022-06-07-300x300.jpg 300w, https:\/\/www.astrologue-humaniste.com\/FR\/wp-content\/uploads\/2022\/06\/2022-06-07-150x150.jpg 150w, https:\/\/www.astrologue-humaniste.com\/FR\/wp-content\/uploads\/2022\/06\/2022-06-07-768x766.jpg 768w, https:\/\/www.astrologue-humaniste.com\/FR\/wp-content\/uploads\/2022\/06\/2022-06-07.jpg 1304w\" sizes=\"auto, (max-width: 1024px) 100vw, 1024px\" \/><\/figure>\n","protected":false},"excerpt":{"rendered":"<p>Premier Quartier le 7 juin 2022 \u00e0 14h48 TU (16h48 \u00e0 Paris) La soci\u00e9t\u00e9 peut rejeter, ou pas, la vision agressive et mat\u00e9rialiste de certains individus pour la suite de l&rsquo;Humanit\u00e9. L&rsquo;invitation est \u00e0 conscientiser et exprimer clairement ce que nous voulons au niveau collectif. L&rsquo;humain en est-il r\u00e9duit \u00e0 se battre pour continuer \u00e0&hellip; <a class=\"more-link\" href=\"https:\/\/www.astrologue-humaniste.com\/FR\/index.php\/2022\/06\/09\/premier-quartier-le-7-juin-2022\/\">Poursuivre la lecture <span class=\"screen-reader-text\">Premier Quartier le 7 juin 2022<\/span><\/a><\/p>\n","protected":false},"author":1,"featured_media":0,"comment_status":"open","ping_status":"closed","sticky":false,"template":"","format":"standard","meta":{"footnotes":""},"categories":[5],"tags":[],"class_list":["post-389","post","type-post","status-publish","format-standard","hentry","category-premier-quartier","entry"],"_links":{"self":[{"href":"https:\/\/www.astrologue-humaniste.com\/FR\/index.php\/wp-json\/wp\/v2\/posts\/389","targetHints":{"allow":["GET"]}}],"collection":[{"href":"https:\/\/www.astrologue-humaniste.com\/FR\/index.php\/wp-json\/wp\/v2\/posts"}],"about":[{"href":"https:\/\/www.astrologue-humaniste.com\/FR\/index.php\/wp-json\/wp\/v2\/types\/post"}],"author":[{"embeddable":true,"href":"https:\/\/www.astrologue-humaniste.com\/FR\/index.php\/wp-json\/wp\/v2\/users\/1"}],"replies":[{"embeddable":true,"href":"https:\/\/www.astrologue-humaniste.com\/FR\/index.php\/wp-json\/wp\/v2\/comments?post=389"}],"version-history":[{"count":1,"href":"https:\/\/www.astrologue-humaniste.com\/FR\/index.php\/wp-json\/wp\/v2\/posts\/389\/revisions"}],"predecessor-version":[{"id":391,"href":"https:\/\/www.astrologue-humaniste.com\/FR\/index.php\/wp-json\/wp\/v2\/posts\/389\/revisions\/391"}],"wp:attachment":[{"href":"https:\/\/www.astrologue-humaniste.com\/FR\/index.php\/wp-json\/wp\/v2\/media?parent=389"}],"wp:term":[{"taxonomy":"category","embeddable":true,"href":"https:\/\/www.astrologue-humaniste.com\/FR\/index.php\/wp-json\/wp\/v2\/categories?post=389"},{"taxonomy":"post_tag","embeddable":true,"href":"https:\/\/www.astrologue-humaniste.com\/FR\/index.php\/wp-json\/wp\/v2\/tags?post=389"}],"curies":[{"name":"wp","href":"https:\/\/api.w.org\/{rel}","templated":true}]}}