{"id":376,"date":"2022-05-17T14:04:56","date_gmt":"2022-05-17T12:04:56","guid":{"rendered":"http:\/\/www.astrologue-humaniste.com\/FR\/?p=376"},"modified":"2022-05-17T14:04:56","modified_gmt":"2022-05-17T12:04:56","slug":"pleine-lune-le-16-mai-2022","status":"publish","type":"post","link":"https:\/\/www.astrologue-humaniste.com\/FR\/index.php\/2022\/05\/17\/pleine-lune-le-16-mai-2022\/","title":{"rendered":"Pleine Lune le 16 mai 2022"},"content":{"rendered":"\n<p class=\"has-text-color\" style=\"color:#b8226b\">Pleine Lune le 16 mai 2022 \u00e0 04h14 TU (06h14 \u00e0 Paris)<\/p>\n\n\n\n<p class=\"has-text-color\" style=\"color:#b8226b\">Pendant cette p\u00e9riode, on peut se sentir d\u00e9tach\u00e9 de la r\u00e9alit\u00e9 mat\u00e9rielle ou de ses besoins personnels. L&rsquo;\u00e9l\u00e9vation sinc\u00e8re de l&rsquo;\u00eatre incarn\u00e9 vers la Lumi\u00e8re est un objectif respectable et la mise entre parenth\u00e8se momentan\u00e9e des contingences mat\u00e9rielles peut \u00eatre une aide pr\u00e9cieuse pour marquer une nouvelle \u00e9tape de d\u00e9veloppement, moment o\u00f9 l&rsquo;on a besoin de pouvoir tourner une page ou s&rsquo;all\u00e9ger d&rsquo;un fardeau trop lourd pour la suite du voyage.<\/p>\n\n\n\n<p class=\"has-text-color\" style=\"color:#b8226b\">L&rsquo;invitation est \u00e0 aller vers ce qui est notre plus essentielle contribution \u00e0 l&rsquo;Humanit\u00e9 en travaillant pour se d\u00e9tacher de ce qui nous encombre et terni notre Lumi\u00e8re int\u00e9rieure.<\/p>\n\n\n\n<p class=\"has-text-color\" style=\"color:#b8226b\">En revanche, \u00e0 vouloir ressembler \u00e0 un personnage id\u00e9al, l&rsquo;ego, dans son inconscience et dans le mensonge, peut se croire tout puissant mais ne pas l&rsquo;\u00eatre. Le discours de M. Castex se vantant hier du travail accompli au service de la nation peut en \u00eatre un exemple frappant. La nomination de la premi\u00e8re ministre qui n&rsquo;avait pas d\u00e9clar\u00e9 tous ses conflits d&rsquo;int\u00e9r\u00eat alors que M. Macron exige aujourd&rsquo;hui \u00e0 \u00ab\u00a0ses\u00a0\u00bb futurs d\u00e9put\u00e9s de respecter un parfaite exemplarit\u00e9 dans le cadre de \u00ab\u00a0l&rsquo;\u00e9thique et la poursuite de la moralisation de la vie publique\u00a0\u00bb en est un autre ! Le moment \u00e9tait bien choisi pour une passation de pouvoir. Pourtant c&rsquo;est ce qui anime et non pas ce qui agit qui fait la diff\u00e9rence \u2026<\/p>\n\n\n\n<p class=\"has-text-color\" style=\"color:#b8226b\">Le symbole sabien du Soleil est \u00e0 26\u00b0 Taureau : \u00ab\u00a0Un galant espagnol donne une s\u00e9r\u00e9nade \u00e0 sa bien aim\u00e9e.\u00a0\u00bb<br>Le symbole sabien de la Lune est \u00e0 26\u00b0 Scorpion : \u00ab\u00a0Des indiens am\u00e9ricains qui \u00e9tablissent un campement apr\u00e8s \u00eatre entr\u00e9s dans un nouveau territoire.\u00a0\u00bb<\/p>\n\n\n\n<figure class=\"wp-block-image size-large\"><img loading=\"lazy\" decoding=\"async\" width=\"1024\" height=\"567\" src=\"https:\/\/www.astrologue-humaniste.com\/FR\/wp-content\/uploads\/2022\/05\/2022-05-16-1024x567.jpg\" alt=\"\" class=\"wp-image-377\" srcset=\"https:\/\/www.astrologue-humaniste.com\/FR\/wp-content\/uploads\/2022\/05\/2022-05-16-1024x567.jpg 1024w, https:\/\/www.astrologue-humaniste.com\/FR\/wp-content\/uploads\/2022\/05\/2022-05-16-300x166.jpg 300w, https:\/\/www.astrologue-humaniste.com\/FR\/wp-content\/uploads\/2022\/05\/2022-05-16-768x425.jpg 768w, https:\/\/www.astrologue-humaniste.com\/FR\/wp-content\/uploads\/2022\/05\/2022-05-16-1536x850.jpg 1536w, https:\/\/www.astrologue-humaniste.com\/FR\/wp-content\/uploads\/2022\/05\/2022-05-16-2048x1133.jpg 2048w, https:\/\/www.astrologue-humaniste.com\/FR\/wp-content\/uploads\/2022\/05\/2022-05-16-1568x867.jpg 1568w\" sizes=\"auto, (max-width: 1024px) 100vw, 1024px\" \/><\/figure>\n","protected":false},"excerpt":{"rendered":"<p>Pleine Lune le 16 mai 2022 \u00e0 04h14 TU (06h14 \u00e0 Paris) Pendant cette p\u00e9riode, on peut se sentir d\u00e9tach\u00e9 de la r\u00e9alit\u00e9 mat\u00e9rielle ou de ses besoins personnels. L&rsquo;\u00e9l\u00e9vation sinc\u00e8re de l&rsquo;\u00eatre incarn\u00e9 vers la Lumi\u00e8re est un objectif respectable et la mise entre parenth\u00e8se momentan\u00e9e des contingences mat\u00e9rielles peut \u00eatre une aide pr\u00e9cieuse&hellip; <a class=\"more-link\" href=\"https:\/\/www.astrologue-humaniste.com\/FR\/index.php\/2022\/05\/17\/pleine-lune-le-16-mai-2022\/\">Poursuivre la lecture <span class=\"screen-reader-text\">Pleine Lune le 16 mai 2022<\/span><\/a><\/p>\n","protected":false},"author":1,"featured_media":0,"comment_status":"open","ping_status":"closed","sticky":false,"template":"","format":"standard","meta":{"footnotes":""},"categories":[5],"tags":[],"class_list":["post-376","post","type-post","status-publish","format-standard","hentry","category-premier-quartier","entry"],"_links":{"self":[{"href":"https:\/\/www.astrologue-humaniste.com\/FR\/index.php\/wp-json\/wp\/v2\/posts\/376","targetHints":{"allow":["GET"]}}],"collection":[{"href":"https:\/\/www.astrologue-humaniste.com\/FR\/index.php\/wp-json\/wp\/v2\/posts"}],"about":[{"href":"https:\/\/www.astrologue-humaniste.com\/FR\/index.php\/wp-json\/wp\/v2\/types\/post"}],"author":[{"embeddable":true,"href":"https:\/\/www.astrologue-humaniste.com\/FR\/index.php\/wp-json\/wp\/v2\/users\/1"}],"replies":[{"embeddable":true,"href":"https:\/\/www.astrologue-humaniste.com\/FR\/index.php\/wp-json\/wp\/v2\/comments?post=376"}],"version-history":[{"count":1,"href":"https:\/\/www.astrologue-humaniste.com\/FR\/index.php\/wp-json\/wp\/v2\/posts\/376\/revisions"}],"predecessor-version":[{"id":378,"href":"https:\/\/www.astrologue-humaniste.com\/FR\/index.php\/wp-json\/wp\/v2\/posts\/376\/revisions\/378"}],"wp:attachment":[{"href":"https:\/\/www.astrologue-humaniste.com\/FR\/index.php\/wp-json\/wp\/v2\/media?parent=376"}],"wp:term":[{"taxonomy":"category","embeddable":true,"href":"https:\/\/www.astrologue-humaniste.com\/FR\/index.php\/wp-json\/wp\/v2\/categories?post=376"},{"taxonomy":"post_tag","embeddable":true,"href":"https:\/\/www.astrologue-humaniste.com\/FR\/index.php\/wp-json\/wp\/v2\/tags?post=376"}],"curies":[{"name":"wp","href":"https:\/\/api.w.org\/{rel}","templated":true}]}}