{"id":370,"date":"2022-05-09T00:21:16","date_gmt":"2022-05-08T22:21:16","guid":{"rendered":"http:\/\/www.astrologue-humaniste.com\/FR\/?p=370"},"modified":"2022-05-09T00:21:17","modified_gmt":"2022-05-08T22:21:17","slug":"premier-quartier-le-9-mai-2022","status":"publish","type":"post","link":"https:\/\/www.astrologue-humaniste.com\/FR\/index.php\/2022\/05\/09\/premier-quartier-le-9-mai-2022\/","title":{"rendered":"Premier Quartier le 9 mai 2022"},"content":{"rendered":"\n<p class=\"has-text-color\" style=\"color:#b8226b\">Premier Quartier le 9 mai 2022 \u00e0 00h21 TU (02h21 \u00e0 Paris)<\/p>\n\n\n\n<p class=\"has-text-color\" style=\"color:#b8226b\">Mercure commence sa r\u00e9trogradation d\u00e8s demain et jusqu&rsquo;\u00e0 la mi-juin, c&rsquo;est donc une p\u00e9riode appropri\u00e9e pour reconsid\u00e9rer notre pens\u00e9e, la mani\u00e8re dont nous polarisons\/focalisons les concepts et les \u00e9v\u00e9nements qui nous arrivent.<br>Qu&rsquo;est-ce qui nous distingue des autres dans notre Unicit\u00e9 divine ?<br>C&rsquo;est un bon moment pour prendre du recul sur ce qui est v\u00e9hicul\u00e9 dans la soci\u00e9t\u00e9, les m\u00e9dias, la rigidit\u00e9 groupale du cadre ou du plan.<br>Nous sommes tous uniques et diff\u00e9rents. Cela fonde notre libert\u00e9 de penser et de communiquer diff\u00e9remment. Chacun de nous est un avenir entier pour le monde.<br>C&rsquo;est un bon moment pour apprendre \u00e0 se distinguer dans l&rsquo;Un, fils\/fille de Dieu, chacun prochain P\u00e8re\/M\u00e8re de son propre Univers.<br>A un niveau plus individuel pour la semaine qui vient c&rsquo;est reconsid\u00e9rer son incarnation afin d&rsquo;incarner au quotidien un nouvel \u00e9tat d&rsquo;\u00eatre plus autonome par rapport \u00e0 la conscience que nous avons des projets que peuvent avoir plac\u00e9s en nous nos parents (ou fonctions parentales sociales).<br>Une chose sont ces projets, une autre l&rsquo;orientation\/polarisation que nous allons leur donner.<\/p>\n\n\n\n<p class=\"has-text-color\" style=\"color:#b8226b\">Le symbole sabien du Soleil dans ce th\u00e8me est \u00e0 19\u00b0 Taureau : \u00ab\u00a0Un nouveau continent qui surgit de l&rsquo;oc\u00e9an.\u00a0\u00bb<br>Le symbole sabien de la Lune dans ce th\u00e8me est \u00e0 19\u00b0 Lion : \u00ab\u00a0une soir\u00e9e (r\u00e9ception, f\u00eate) sur une p\u00e9niche.\u00a0\u00bb<br>Le symbole sabien de Mercure pour le degr\u00e9 du d\u00e9but de la r\u00e9trogradation est \u00e0 5\u00b0 G\u00e9meaux : \u00ab\u00a0un magazine r\u00e9volutionnaire qui appelle \u00e0 l&rsquo;action.\u00a0\u00bb<\/p>\n\n\n\n<figure class=\"wp-block-image size-large\"><img loading=\"lazy\" decoding=\"async\" width=\"996\" height=\"1024\" src=\"https:\/\/www.astrologue-humaniste.com\/FR\/wp-content\/uploads\/2022\/05\/2022-05-09-996x1024.jpg\" alt=\"\" class=\"wp-image-371\" srcset=\"https:\/\/www.astrologue-humaniste.com\/FR\/wp-content\/uploads\/2022\/05\/2022-05-09-996x1024.jpg 996w, https:\/\/www.astrologue-humaniste.com\/FR\/wp-content\/uploads\/2022\/05\/2022-05-09-292x300.jpg 292w, https:\/\/www.astrologue-humaniste.com\/FR\/wp-content\/uploads\/2022\/05\/2022-05-09-768x790.jpg 768w, https:\/\/www.astrologue-humaniste.com\/FR\/wp-content\/uploads\/2022\/05\/2022-05-09.jpg 1264w\" sizes=\"auto, (max-width: 996px) 100vw, 996px\" \/><\/figure>\n","protected":false},"excerpt":{"rendered":"<p>Premier Quartier le 9 mai 2022 \u00e0 00h21 TU (02h21 \u00e0 Paris) Mercure commence sa r\u00e9trogradation d\u00e8s demain et jusqu&rsquo;\u00e0 la mi-juin, c&rsquo;est donc une p\u00e9riode appropri\u00e9e pour reconsid\u00e9rer notre pens\u00e9e, la mani\u00e8re dont nous polarisons\/focalisons les concepts et les \u00e9v\u00e9nements qui nous arrivent.Qu&rsquo;est-ce qui nous distingue des autres dans notre Unicit\u00e9 divine ?C&rsquo;est un&hellip; <a class=\"more-link\" href=\"https:\/\/www.astrologue-humaniste.com\/FR\/index.php\/2022\/05\/09\/premier-quartier-le-9-mai-2022\/\">Poursuivre la lecture <span class=\"screen-reader-text\">Premier Quartier le 9 mai 2022<\/span><\/a><\/p>\n","protected":false},"author":1,"featured_media":0,"comment_status":"open","ping_status":"closed","sticky":false,"template":"","format":"standard","meta":{"footnotes":""},"categories":[5],"tags":[],"class_list":["post-370","post","type-post","status-publish","format-standard","hentry","category-premier-quartier","entry"],"_links":{"self":[{"href":"https:\/\/www.astrologue-humaniste.com\/FR\/index.php\/wp-json\/wp\/v2\/posts\/370","targetHints":{"allow":["GET"]}}],"collection":[{"href":"https:\/\/www.astrologue-humaniste.com\/FR\/index.php\/wp-json\/wp\/v2\/posts"}],"about":[{"href":"https:\/\/www.astrologue-humaniste.com\/FR\/index.php\/wp-json\/wp\/v2\/types\/post"}],"author":[{"embeddable":true,"href":"https:\/\/www.astrologue-humaniste.com\/FR\/index.php\/wp-json\/wp\/v2\/users\/1"}],"replies":[{"embeddable":true,"href":"https:\/\/www.astrologue-humaniste.com\/FR\/index.php\/wp-json\/wp\/v2\/comments?post=370"}],"version-history":[{"count":1,"href":"https:\/\/www.astrologue-humaniste.com\/FR\/index.php\/wp-json\/wp\/v2\/posts\/370\/revisions"}],"predecessor-version":[{"id":372,"href":"https:\/\/www.astrologue-humaniste.com\/FR\/index.php\/wp-json\/wp\/v2\/posts\/370\/revisions\/372"}],"wp:attachment":[{"href":"https:\/\/www.astrologue-humaniste.com\/FR\/index.php\/wp-json\/wp\/v2\/media?parent=370"}],"wp:term":[{"taxonomy":"category","embeddable":true,"href":"https:\/\/www.astrologue-humaniste.com\/FR\/index.php\/wp-json\/wp\/v2\/categories?post=370"},{"taxonomy":"post_tag","embeddable":true,"href":"https:\/\/www.astrologue-humaniste.com\/FR\/index.php\/wp-json\/wp\/v2\/tags?post=370"}],"curies":[{"name":"wp","href":"https:\/\/api.w.org\/{rel}","templated":true}]}}