{"id":358,"date":"2022-04-23T16:51:41","date_gmt":"2022-04-23T14:51:41","guid":{"rendered":"http:\/\/www.astrologue-humaniste.com\/FR\/?p=358"},"modified":"2022-04-23T17:06:16","modified_gmt":"2022-04-23T15:06:16","slug":"dernier-quartier-du-23-avril-2022","status":"publish","type":"post","link":"https:\/\/www.astrologue-humaniste.com\/FR\/index.php\/2022\/04\/23\/dernier-quartier-du-23-avril-2022\/","title":{"rendered":"Dernier Quartier du 23 avril 2022"},"content":{"rendered":"\n<p class=\"has-text-color\" style=\"color:#b8226b\">Dernier Quartier le 23 avril 2022 \u00e0 11h56 TU (13h56 \u00e0 Paris)<\/p>\n\n\n\n<p class=\"has-text-color\" style=\"color:#b8226b\">Le soleil est entr\u00e9 dans le signe du Taureau depuis quelques jours, le temps des \u00e9tincelles, du jaillissement, laisse la place \u00e0 celui de la construction qui commence toujours, dans la verticalit\u00e9, par les fondations. Cet enracinement semble devoir \u00eatre de nature spirituelle, \u00e0 tout le moins collectif. Qu&rsquo;est ce qui nous unit et nous d\u00e9sunit ?<\/p>\n\n\n\n<p class=\"has-text-color\" style=\"color:#b8226b\">Parall\u00e8lement, la phase de dernier quartier de la Lune qui marque l&rsquo;instant o\u00f9 la Lune revient dans l&rsquo;orbite de la Terre, se r\u00e9incorpore, reprend de la profondeur pourrait-on dire encore, est celle que les astrologues d\u00e9signent comme celle de la prise\/crise de conscience. Aux trois quarts du cycle en cours elle invite \u00e0 revoir les r\u00e9sultats obtenus pour commencer envisager le nouveau cycle qui s&rsquo;ouvrira bient\u00f4t. Avec Mercure qui m\u00e8ne, conjoint au Noeud Nord avec Uranus, l&rsquo;invitation est clairement \u00e0 une r\u00e9flexion sur le changement et l&rsquo;ouverture au niveau de ce qui fonde notre communaut\u00e9 humaine. Elle demande aussi de vaincre les obstacles de toute son \u00e9nergie pour laisser advenir ce changement. La r\u00e9flexion conduit \u00e0 un choix.<\/p>\n\n\n\n<p class=\"has-text-color\" style=\"color:#b8226b\">Avec la Lune en maison 6 et le soleil en M9, le temps est \u00e9galement au choix et \u00e0 la r\u00e9flexion. Voir plus loin que son confort ou ses habitudes personnelles. Ne pas se mentir, qu&rsquo;est ce qu&rsquo;il est le plus important pour l&rsquo;Humanit\u00e9 ? Une fois le choix fait, quel seront les nouvelles potentialit\u00e9s offertes\/d\u00e9couvertes ? Comment envisager le nouveau monde \u00e0 partir des choix r\u00e9alis\u00e9s ?<\/p>\n\n\n\n<p class=\"has-text-color\" style=\"color:#b8226b\">Dans un puits de mine o\u00f9 il fait noir des deux c\u00f4t\u00e9s, il y en a toutefois un qui peut mener vers la lumi\u00e8re et l&rsquo;autre s\u00fbrement pas.<\/p>\n\n\n\n<p class=\"has-text-color\" style=\"color:#b8226b\">La beaut\u00e9 de la Lumi\u00e8re se r\u00e9v\u00e8le pleinement dans l&rsquo;arc-en-ciel, \u00e9closion de millions de couleurs uniques, pont harmonique entre les natures terrestre et c\u00e9leste.<\/p>\n\n\n\n<p class=\"has-text-color\" style=\"color:#b8226b\">Le symbole sabien du Soleil dans ce th\u00e8me est \u00e0 4\u00b0 Taureau : \u00ab\u00a0Le pot d&rsquo;or au bout de l&rsquo;arc-en-ciel.\u00a0\u00bb<br>Le symbole sabien de la Lune dans ce th\u00e8me est \u00e0 4\u00b0 Verseau : \u00ab\u00a0Un yogi hindou d\u00e9montre ses pouvoirs de gu\u00e9risseur.\u00a0\u00bb<\/p>\n\n\n\n<figure class=\"wp-block-image size-large\"><img loading=\"lazy\" decoding=\"async\" width=\"1024\" height=\"955\" src=\"https:\/\/www.astrologue-humaniste.com\/FR\/wp-content\/uploads\/2022\/04\/2022-04-23-1024x955.jpg\" alt=\"\" class=\"wp-image-359\" srcset=\"https:\/\/www.astrologue-humaniste.com\/FR\/wp-content\/uploads\/2022\/04\/2022-04-23-1024x955.jpg 1024w, https:\/\/www.astrologue-humaniste.com\/FR\/wp-content\/uploads\/2022\/04\/2022-04-23-300x280.jpg 300w, https:\/\/www.astrologue-humaniste.com\/FR\/wp-content\/uploads\/2022\/04\/2022-04-23-768x716.jpg 768w, https:\/\/www.astrologue-humaniste.com\/FR\/wp-content\/uploads\/2022\/04\/2022-04-23.jpg 1363w\" sizes=\"auto, (max-width: 1024px) 100vw, 1024px\" \/><\/figure>\n","protected":false},"excerpt":{"rendered":"<p>Dernier Quartier le 23 avril 2022 \u00e0 11h56 TU (13h56 \u00e0 Paris) Le soleil est entr\u00e9 dans le signe du Taureau depuis quelques jours, le temps des \u00e9tincelles, du jaillissement, laisse la place \u00e0 celui de la construction qui commence toujours, dans la verticalit\u00e9, par les fondations. Cet enracinement semble devoir \u00eatre de nature spirituelle,&hellip; <a class=\"more-link\" href=\"https:\/\/www.astrologue-humaniste.com\/FR\/index.php\/2022\/04\/23\/dernier-quartier-du-23-avril-2022\/\">Poursuivre la lecture <span class=\"screen-reader-text\">Dernier Quartier du 23 avril 2022<\/span><\/a><\/p>\n","protected":false},"author":1,"featured_media":0,"comment_status":"open","ping_status":"closed","sticky":false,"template":"","format":"standard","meta":{"footnotes":""},"categories":[5],"tags":[],"class_list":["post-358","post","type-post","status-publish","format-standard","hentry","category-premier-quartier","entry"],"_links":{"self":[{"href":"https:\/\/www.astrologue-humaniste.com\/FR\/index.php\/wp-json\/wp\/v2\/posts\/358","targetHints":{"allow":["GET"]}}],"collection":[{"href":"https:\/\/www.astrologue-humaniste.com\/FR\/index.php\/wp-json\/wp\/v2\/posts"}],"about":[{"href":"https:\/\/www.astrologue-humaniste.com\/FR\/index.php\/wp-json\/wp\/v2\/types\/post"}],"author":[{"embeddable":true,"href":"https:\/\/www.astrologue-humaniste.com\/FR\/index.php\/wp-json\/wp\/v2\/users\/1"}],"replies":[{"embeddable":true,"href":"https:\/\/www.astrologue-humaniste.com\/FR\/index.php\/wp-json\/wp\/v2\/comments?post=358"}],"version-history":[{"count":2,"href":"https:\/\/www.astrologue-humaniste.com\/FR\/index.php\/wp-json\/wp\/v2\/posts\/358\/revisions"}],"predecessor-version":[{"id":363,"href":"https:\/\/www.astrologue-humaniste.com\/FR\/index.php\/wp-json\/wp\/v2\/posts\/358\/revisions\/363"}],"wp:attachment":[{"href":"https:\/\/www.astrologue-humaniste.com\/FR\/index.php\/wp-json\/wp\/v2\/media?parent=358"}],"wp:term":[{"taxonomy":"category","embeddable":true,"href":"https:\/\/www.astrologue-humaniste.com\/FR\/index.php\/wp-json\/wp\/v2\/categories?post=358"},{"taxonomy":"post_tag","embeddable":true,"href":"https:\/\/www.astrologue-humaniste.com\/FR\/index.php\/wp-json\/wp\/v2\/tags?post=358"}],"curies":[{"name":"wp","href":"https:\/\/api.w.org\/{rel}","templated":true}]}}