{"id":327,"date":"2022-04-07T18:50:30","date_gmt":"2022-04-07T16:50:30","guid":{"rendered":"http:\/\/www.astrologue-humaniste.com\/FR\/?p=327"},"modified":"2022-04-07T18:54:22","modified_gmt":"2022-04-07T16:54:22","slug":"nouvelle-lune-du-1er-avril-2022","status":"publish","type":"post","link":"https:\/\/www.astrologue-humaniste.com\/FR\/index.php\/2022\/04\/07\/nouvelle-lune-du-1er-avril-2022\/","title":{"rendered":"Nouvelle Lune du 1er avril 2022"},"content":{"rendered":"\n<p class=\"has-text-color\" style=\"color:#b8226b\">Nouvelle Lune le 1er avril 2022 \u00e0 06h24 TU (08h24 \u00e0 Paris)<\/p>\n\n\n\n<p class=\"has-text-color\" style=\"color:#b8226b\">La configuration est assez exceptionnelle avec cette concentration de plan\u00e8tes dans moins d&rsquo;un tiers du ciel !<\/p>\n\n\n\n<p class=\"has-text-color\" style=\"color:#b8226b\">Un gros gros accent sur la gestion de tout ce qui n&rsquo;est pas g\u00e9r\u00e9 d&rsquo;habitude, exclu, oubli\u00e9, inconscient, faux, pass\u00e9 ou d\u00e9pass\u00e9, atavique, \u2026 Une phrase cl\u00e9 serait : ce n&rsquo;est plus possible de continuer ainsi\u2026 Ouvrir les fen\u00eatres \u00e7a pue\u2026 Mourir pour rena\u00eetre \u2026<\/p>\n\n\n\n<p class=\"has-text-color\" style=\"color:#b8226b\">Mettre de l&rsquo;ordre dans, structurer, l&rsquo;aspect \u00e9motionnel\/relationnel de l&rsquo;existence \u00e0 un niveau plut\u00f4t collectif, dans les relations collectives. Avec l&rsquo;aide de ce qui est le plus Lumineux en nous et \u00e0 l&rsquo;ext\u00e9rieur de nous, nous pouvons d\u00e9velopper l&rsquo;auto-discipline et les connaissances naturelles n\u00e9cessaire pour transmuter nos \u00e9motions et g\u00e9rer\/organiser\/r\u00e9pondre avec plus de conscience aux d\u00e9fis pour l&rsquo;Humanit\u00e9 que repr\u00e9sentent les (r)\u00e9volutions technologiques actuelles. R\u00e9int\u00e9grer la conscience dans la science, l&rsquo;Esprit dans la mati\u00e8re.<\/p>\n\n\n\n<p class=\"has-text-color\" style=\"color:#b8226b\">N\u00e9cessit\u00e9 de l&rsquo;exprimer, de le conscientiser, de le trier, de virer ce qui doit l&rsquo;\u00eatre, de restaurer ce qui est le plus essentiel. Un vent de r\u00e9volte pour souffler tout ce qui nous retient, nous isole, nous attache, tout ce qui fait sombrer l&rsquo;Humanit\u00e9.<\/p>\n\n\n\n<p class=\"has-text-color\" style=\"color:#b8226b\">Prendre conscience qu&rsquo;il y a lieu de restaurer l&rsquo;ordre cosmique ici bas en r\u00e9tablissant la v\u00e9rit\u00e9 sur le caract\u00e8re divin de l&rsquo;\u00eatre humain. Nous ne sommes pas l\u00e0 pour ne reproduire mais pour \u00e9voluer !<\/p>\n\n\n\n<p class=\"has-text-color\" style=\"color:#b8226b\">\u00a0\u00bb Alors le roi dira \u00e0 ceux qui seront \u00e0 sa droite : Venez, vous qui \u00eates b\u00e9nis de mon P\u00e8re; prenez possession du royaume qui vous a \u00e9t\u00e9 pr\u00e9par\u00e9 d\u00e8s la fondation du monde. Car j&rsquo;ai eu faim, et vous m&rsquo;avez donn\u00e9 \u00e0 manger; j&rsquo;ai eu soif, et vous m&rsquo;avez donn\u00e9 \u00e0 boire; j&rsquo;\u00e9tais \u00e9tranger, et vous m&rsquo;avez recueilli; j&rsquo;\u00e9tais nu, et vous m&rsquo;avez v\u00eatu; j&rsquo;\u00e9tais malade, et vous m&rsquo;avez visit\u00e9; j&rsquo;\u00e9tais en prison, et vous \u00eates venus vers moi. Quand t&rsquo;avons-nous vu \u00e9tranger, et t&rsquo;avons-nous recueilli; ou nu, et t&rsquo;avons-nous v\u00eatu? Quand t&rsquo;avons-nous vu malade, ou en prison, et sommes-nous all\u00e9s vers toi? Et le roi leur r\u00e9pondra: Je vous le dis en v\u00e9rit\u00e9, toutes les fois que vous avez fait ces choses \u00e0 l&rsquo;un de ces plus petits de mes fr\u00e8res, c&rsquo;est \u00e0 moi que vous les avez faites.\u00a0\u00bb (Matthieu 25,34-40)<\/p>\n\n\n\n<p class=\"has-text-color\" style=\"color:#b8226b\">Le symbole sabien de la Lune et du Soleil dans ce th\u00e8me est \u00e0 12\u00b0 B\u00e9lier : \u00ab\u00a0Un vol triangulaire d&rsquo;oies sauvages\u00a0\u00bb.<\/p>\n\n\n\n<p class=\"has-text-color\" style=\"color:#b8226b\">Le symbole sabien de Jupiter qui concentre les \u00e9nergies au point central de ce th\u00e8me est \u00e0 22\u00b0 Poissons : \u00ab\u00a0Un proph\u00e8te qui porte les tables de la<br>nouvelle loi descend la pente du mont sina\u00ef\u00a0\u00bb.<\/p>\n\n\n\n<figure class=\"wp-block-image size-large\"><img loading=\"lazy\" decoding=\"async\" width=\"1024\" height=\"980\" src=\"https:\/\/www.astrologue-humaniste.com\/FR\/wp-content\/uploads\/2022\/04\/2022-04-01-1024x980.jpg\" alt=\"\" class=\"wp-image-331\" srcset=\"https:\/\/www.astrologue-humaniste.com\/FR\/wp-content\/uploads\/2022\/04\/2022-04-01-1024x980.jpg 1024w, https:\/\/www.astrologue-humaniste.com\/FR\/wp-content\/uploads\/2022\/04\/2022-04-01-300x287.jpg 300w, https:\/\/www.astrologue-humaniste.com\/FR\/wp-content\/uploads\/2022\/04\/2022-04-01-768x735.jpg 768w, https:\/\/www.astrologue-humaniste.com\/FR\/wp-content\/uploads\/2022\/04\/2022-04-01.jpg 1356w\" sizes=\"auto, (max-width: 1024px) 100vw, 1024px\" \/><\/figure>\n","protected":false},"excerpt":{"rendered":"<p>Commentaire sur la nouvelle lune du 1er avril 2002<\/p>\n","protected":false},"author":1,"featured_media":0,"comment_status":"open","ping_status":"closed","sticky":false,"template":"","format":"standard","meta":{"footnotes":""},"categories":[5],"tags":[],"class_list":["post-327","post","type-post","status-publish","format-standard","hentry","category-premier-quartier","entry"],"_links":{"self":[{"href":"https:\/\/www.astrologue-humaniste.com\/FR\/index.php\/wp-json\/wp\/v2\/posts\/327","targetHints":{"allow":["GET"]}}],"collection":[{"href":"https:\/\/www.astrologue-humaniste.com\/FR\/index.php\/wp-json\/wp\/v2\/posts"}],"about":[{"href":"https:\/\/www.astrologue-humaniste.com\/FR\/index.php\/wp-json\/wp\/v2\/types\/post"}],"author":[{"embeddable":true,"href":"https:\/\/www.astrologue-humaniste.com\/FR\/index.php\/wp-json\/wp\/v2\/users\/1"}],"replies":[{"embeddable":true,"href":"https:\/\/www.astrologue-humaniste.com\/FR\/index.php\/wp-json\/wp\/v2\/comments?post=327"}],"version-history":[{"count":2,"href":"https:\/\/www.astrologue-humaniste.com\/FR\/index.php\/wp-json\/wp\/v2\/posts\/327\/revisions"}],"predecessor-version":[{"id":333,"href":"https:\/\/www.astrologue-humaniste.com\/FR\/index.php\/wp-json\/wp\/v2\/posts\/327\/revisions\/333"}],"wp:attachment":[{"href":"https:\/\/www.astrologue-humaniste.com\/FR\/index.php\/wp-json\/wp\/v2\/media?parent=327"}],"wp:term":[{"taxonomy":"category","embeddable":true,"href":"https:\/\/www.astrologue-humaniste.com\/FR\/index.php\/wp-json\/wp\/v2\/categories?post=327"},{"taxonomy":"post_tag","embeddable":true,"href":"https:\/\/www.astrologue-humaniste.com\/FR\/index.php\/wp-json\/wp\/v2\/tags?post=327"}],"curies":[{"name":"wp","href":"https:\/\/api.w.org\/{rel}","templated":true}]}}