{"id":317,"date":"2022-03-20T23:50:33","date_gmt":"2022-03-20T22:50:33","guid":{"rendered":"http:\/\/www.astrologue-humaniste.com\/FR\/?p=317"},"modified":"2022-03-20T23:51:07","modified_gmt":"2022-03-20T22:51:07","slug":"equinoxe-de-printemps-2022","status":"publish","type":"post","link":"https:\/\/www.astrologue-humaniste.com\/FR\/index.php\/2022\/03\/20\/equinoxe-de-printemps-2022\/","title":{"rendered":"Equinoxe de Printemps 2022"},"content":{"rendered":"\n<p class=\"has-text-color\" style=\"color:#b8226b\">Le 20 mars 2022 \u00e0 15h33 TU (14h33 \u00e0 Paris)<\/p>\n\n\n\n<p class=\"has-text-color\" style=\"color:#b8226b\">Ce moment est celui o\u00f9 le soleil passe en d\u00e9clinaison nord, c&rsquo;est \u00e0 dire le moment o\u00f9 la course apparante du soleil dans le ciel passe au nord du plan form\u00e9 par l&rsquo;\u00e9quateur de la Terre, \u00e0 mi-chemin entre le moment de sa position la plus basse et sa plus haute dans le ciel.<\/p>\n\n\n\n<p class=\"has-text-color\" style=\"color:#b8226b\">Dans nos r\u00e9gions, ce moment est fortement ressenti au travers du rythme des saisons mais ce n&rsquo;est de moins en moins le cas en allant vers les p\u00f4les ou vers l&rsquo;\u00e9quateur.<\/p>\n\n\n\n<p class=\"has-text-color\" style=\"color:#b8226b\">Symboliquement et pour tous, c&rsquo;est un moment o\u00f9 il y a une pression, pendant 6 mois, \u00e0 explorer\/exp\u00e9rimenter\/exprimer de nouvelles mani\u00e8res d&rsquo;\u00eatre dans un environnement nouveau pour soi. Moment d&rsquo;action, il est utile de rem\u00e9morer ce qui fonde l&rsquo;action donc le moment du solstice d&rsquo;hiver qui a initi\u00e9 ce cycle annuel.<\/p>\n\n\n\n<p class=\"has-text-color\" style=\"color:#b8226b\">C&rsquo;est particuli\u00e8rement vrai cette ann\u00e9e (voir la note de Pleine Lune du 18 mars, hors l&rsquo;aspect de prise de conscience de ce qui a \u00e9t\u00e9 fait ou pas) avec une pression \u00e0 (re)exp\u00e9rimenter le c\u00f4t\u00e9 transcendantal de l&rsquo;existence, \u00e0 s&rsquo;ouvrir un peu plus sur le fait d&rsquo;\u00eatre unique dans un Tout Unique, \u00e0 reconna\u00eetre davantage notre filiation divine, en Conscience. L&rsquo;exp\u00e9rience est personnelle avant tout, et elle demande des efforts individuels, m\u00eame si elle profite au Tout au travers d&rsquo;un nouvel \u00e9quilibre \u00e0 atteindre, une nouvelle place \u00e0 occuper pour l&rsquo;Humanit\u00e9. D\u00e9velopper ses capacit\u00e9s de clairvoyance pour \u00eatre guid\u00e9 int\u00e9rieurement (plut\u00f4t que devoir suivre le mouvement) peut aider \u00e0 atteindre le but.<\/p>\n\n\n\n<p class=\"has-text-color\" style=\"color:#b8226b\">Se rendre compte que Cela ne fait aucune diff\u00e9rence car chacun est dans le Tout, dans l&rsquo;Amour divin, qu&rsquo;il est illusoire, \u00e9ph\u00e9m\u00e8re et douloureux de vouloir se s\u00e9parer, r\u00e9sister ou se d\u00e9fendre de Cela. On est bien loin des guerres d&rsquo;ego individuelles ou nationales, du bruit des bottes.<\/p>\n\n\n\n<p class=\"has-text-color\" style=\"color:#b8226b\">Le chien aboie, gardien agressif et vain des petits biens de son petit ma\u00eetre, et la caravane passe. Ne poss\u00e8dant rien, connaissant le chemin, elle (trans)porte en silence et ne s&rsquo;\u00e9meut pas de mais donne valeur \u00e0 la richesse de ceux qui lui font confiance.<\/p>\n\n\n\n<p class=\"has-text-color\" style=\"color:#b8226b\">Le symbole sabien de Mars, ma\u00eetre du B\u00e9lier, dans ce th\u00e8me est \u00e0 11\u00b0 Verseau: \u00ab\u00a0Pendant une heure de silence, un homme re\u00e7oit une nouvelle inspiration qui peut changer sa vie.\u00a0\u00bb<\/p>\n\n\n\n<p class=\"has-text-color\" style=\"color:#b8226b\">Le symbole sabien de la Lune dans ce th\u00e8me est \u00e0 30\u00b0 Balance : \u00ab\u00a0Trois bosses de connaissance sur la t\u00eate d&rsquo;un philosophe.\u00a0\u00bb<\/p>\n\n\n\n<figure class=\"wp-block-image size-large\"><img loading=\"lazy\" decoding=\"async\" width=\"1024\" height=\"1024\" src=\"https:\/\/www.astrologue-humaniste.com\/FR\/wp-content\/uploads\/2022\/03\/2022-03-20-EQ-1024x1024.jpg\" alt=\"Th\u00e8me de 'l\u00e9quinoxe de printemps 2022\" class=\"wp-image-318\" srcset=\"https:\/\/www.astrologue-humaniste.com\/FR\/wp-content\/uploads\/2022\/03\/2022-03-20-EQ-1024x1024.jpg 1024w, https:\/\/www.astrologue-humaniste.com\/FR\/wp-content\/uploads\/2022\/03\/2022-03-20-EQ-300x300.jpg 300w, https:\/\/www.astrologue-humaniste.com\/FR\/wp-content\/uploads\/2022\/03\/2022-03-20-EQ-150x150.jpg 150w, https:\/\/www.astrologue-humaniste.com\/FR\/wp-content\/uploads\/2022\/03\/2022-03-20-EQ-768x769.jpg 768w, https:\/\/www.astrologue-humaniste.com\/FR\/wp-content\/uploads\/2022\/03\/2022-03-20-EQ.jpg 1294w\" sizes=\"auto, (max-width: 1024px) 100vw, 1024px\" \/><\/figure>\n","protected":false},"excerpt":{"rendered":"<p>Le 20 mars 2022 \u00e0 15h33 TU (14h33 \u00e0 Paris) Ce moment est celui o\u00f9 le soleil passe en d\u00e9clinaison nord, c&rsquo;est \u00e0 dire le moment o\u00f9 la course apparante du soleil dans le ciel passe au nord du plan form\u00e9 par l&rsquo;\u00e9quateur de la Terre, \u00e0 mi-chemin entre le moment de sa position la&hellip; <a class=\"more-link\" href=\"https:\/\/www.astrologue-humaniste.com\/FR\/index.php\/2022\/03\/20\/equinoxe-de-printemps-2022\/\">Poursuivre la lecture <span class=\"screen-reader-text\">Equinoxe de Printemps 2022<\/span><\/a><\/p>\n","protected":false},"author":1,"featured_media":0,"comment_status":"open","ping_status":"closed","sticky":false,"template":"","format":"standard","meta":{"footnotes":""},"categories":[5],"tags":[],"class_list":["post-317","post","type-post","status-publish","format-standard","hentry","category-premier-quartier","entry"],"_links":{"self":[{"href":"https:\/\/www.astrologue-humaniste.com\/FR\/index.php\/wp-json\/wp\/v2\/posts\/317","targetHints":{"allow":["GET"]}}],"collection":[{"href":"https:\/\/www.astrologue-humaniste.com\/FR\/index.php\/wp-json\/wp\/v2\/posts"}],"about":[{"href":"https:\/\/www.astrologue-humaniste.com\/FR\/index.php\/wp-json\/wp\/v2\/types\/post"}],"author":[{"embeddable":true,"href":"https:\/\/www.astrologue-humaniste.com\/FR\/index.php\/wp-json\/wp\/v2\/users\/1"}],"replies":[{"embeddable":true,"href":"https:\/\/www.astrologue-humaniste.com\/FR\/index.php\/wp-json\/wp\/v2\/comments?post=317"}],"version-history":[{"count":1,"href":"https:\/\/www.astrologue-humaniste.com\/FR\/index.php\/wp-json\/wp\/v2\/posts\/317\/revisions"}],"predecessor-version":[{"id":319,"href":"https:\/\/www.astrologue-humaniste.com\/FR\/index.php\/wp-json\/wp\/v2\/posts\/317\/revisions\/319"}],"wp:attachment":[{"href":"https:\/\/www.astrologue-humaniste.com\/FR\/index.php\/wp-json\/wp\/v2\/media?parent=317"}],"wp:term":[{"taxonomy":"category","embeddable":true,"href":"https:\/\/www.astrologue-humaniste.com\/FR\/index.php\/wp-json\/wp\/v2\/categories?post=317"},{"taxonomy":"post_tag","embeddable":true,"href":"https:\/\/www.astrologue-humaniste.com\/FR\/index.php\/wp-json\/wp\/v2\/tags?post=317"}],"curies":[{"name":"wp","href":"https:\/\/api.w.org\/{rel}","templated":true}]}}