{"id":310,"date":"2022-03-18T23:51:57","date_gmt":"2022-03-18T22:51:57","guid":{"rendered":"http:\/\/www.astrologue-humaniste.com\/FR\/?p=310"},"modified":"2022-03-18T23:52:34","modified_gmt":"2022-03-18T22:52:34","slug":"pleine-lune-du-18-mars-2022","status":"publish","type":"post","link":"https:\/\/www.astrologue-humaniste.com\/FR\/index.php\/2022\/03\/18\/pleine-lune-du-18-mars-2022\/","title":{"rendered":"Pleine Lune du 18 mars 2022"},"content":{"rendered":"\n<p class=\"has-text-color\" style=\"color:#b8226b\">Pleine Lune, le 18 mars 2022 \u00e0 07h18 TU (08h18 \u00e0 Paris)<\/p>\n\n\n\n<p class=\"has-text-color\" style=\"color:#b8226b\">Le printemps arrive, la Vie va rena\u00eetre, r\u00e9g\u00e9n\u00e9r\u00e9e, pure et d\u00e9licate, pleine de promesses. Et nous ?<\/p>\n\n\n\n<p class=\"has-text-color\" style=\"color:#b8226b\">Prendre conscience de ce qui a \u00e9t\u00e9 fait et de ce qui ne l&rsquo;a pas \u00e9t\u00e9. Quelle est la part de la vision, de la mission, de la fuite, de l&rsquo;illusion ? R\u00e9colter les fruits, au moins ceux qui sont m\u00fbrs. Les \u00e9checs sont des fruits aussi\u2026<\/p>\n\n\n\n<p class=\"has-text-color\" style=\"color:#b8226b\">Faire ses choix au quotidien. Le changement (car le fruit ne se mange qu&rsquo;une fois) peut n\u00e9cessiter des efforts, de la r\u00e9gularit\u00e9 et de la d\u00e9votion.<\/p>\n\n\n\n<p class=\"has-text-color\" style=\"color:#b8226b\">Nouveau cycle d&rsquo;expression personnelle (aussi dans sa dimension emotionnelle : ce qui nous fait bouger) d&rsquo;environ deux ans qui a commenc\u00e9 le 6 mars au 1er degr\u00e9 du Verseau (Conjonction V\u00e9nus-Mars).<\/p>\n\n\n\n<p class=\"has-text-color\" style=\"color:#b8226b\">Pression pour s&rsquo;ouvrir \u00e0 ce qui est au-del\u00e0 du visible, \u00e0 la spiritualit\u00e9, \u00e0 ce qui nous unit. Ce n&rsquo;est pas cela qui change d&rsquo;\u00e9tat, simplement nous qui nous offrons \u00e0 voir ce qui Est, au-del\u00e0 de nos croyances.<\/p>\n\n\n\n<p class=\"has-text-color\" style=\"color:#b8226b\">Un lac, le doigt<br>Traverse l&rsquo;image<\/p>\n\n\n\n<p class=\"has-text-color\" style=\"color:#b8226b\">Le symbole sabien du soleil dans ce th\u00e8me de Pleine Lune est \u00e0 28\u00b0 Poissons : \u00ab\u00a0Un jardin fertile sous la pleine lune r\u00e9v\u00e8le une vari\u00e9t\u00e9 de l\u00e9gumes en pleine maturit\u00e9.\u00a0\u00bb<\/p>\n\n\n\n<p class=\"has-text-color\" style=\"color:#b8226b\">Le symbole sabien de la Lune est \u00e0 28\u00b0 Vierge : \u00ab\u00a0Un homme chauve qui s&rsquo;est empar\u00e9 du pouvoir.\u00a0\u00bb<\/p>\n\n\n\n<figure class=\"wp-block-image size-large\"><img loading=\"lazy\" decoding=\"async\" width=\"1024\" height=\"1022\" src=\"https:\/\/www.astrologue-humaniste.com\/FR\/wp-content\/uploads\/2022\/03\/image-1024x1022.png\" alt=\"\" class=\"wp-image-311\" srcset=\"https:\/\/www.astrologue-humaniste.com\/FR\/wp-content\/uploads\/2022\/03\/image-1024x1022.png 1024w, https:\/\/www.astrologue-humaniste.com\/FR\/wp-content\/uploads\/2022\/03\/image-300x300.png 300w, https:\/\/www.astrologue-humaniste.com\/FR\/wp-content\/uploads\/2022\/03\/image-150x150.png 150w, https:\/\/www.astrologue-humaniste.com\/FR\/wp-content\/uploads\/2022\/03\/image-768x767.png 768w, https:\/\/www.astrologue-humaniste.com\/FR\/wp-content\/uploads\/2022\/03\/image.png 1297w\" sizes=\"auto, (max-width: 1024px) 100vw, 1024px\" \/><\/figure>\n","protected":false},"excerpt":{"rendered":"<p>Pleine Lune, le 18 mars 2022 \u00e0 07h18 TU (08h18 \u00e0 Paris) Le printemps arrive, la Vie va rena\u00eetre, r\u00e9g\u00e9n\u00e9r\u00e9e, pure et d\u00e9licate, pleine de promesses. Et nous ? Prendre conscience de ce qui a \u00e9t\u00e9 fait et de ce qui ne l&rsquo;a pas \u00e9t\u00e9. Quelle est la part de la vision, de la mission,&hellip; <a class=\"more-link\" href=\"https:\/\/www.astrologue-humaniste.com\/FR\/index.php\/2022\/03\/18\/pleine-lune-du-18-mars-2022\/\">Poursuivre la lecture <span class=\"screen-reader-text\">Pleine Lune du 18 mars 2022<\/span><\/a><\/p>\n","protected":false},"author":1,"featured_media":0,"comment_status":"open","ping_status":"closed","sticky":false,"template":"","format":"standard","meta":{"footnotes":""},"categories":[5],"tags":[],"class_list":["post-310","post","type-post","status-publish","format-standard","hentry","category-premier-quartier","entry"],"_links":{"self":[{"href":"https:\/\/www.astrologue-humaniste.com\/FR\/index.php\/wp-json\/wp\/v2\/posts\/310","targetHints":{"allow":["GET"]}}],"collection":[{"href":"https:\/\/www.astrologue-humaniste.com\/FR\/index.php\/wp-json\/wp\/v2\/posts"}],"about":[{"href":"https:\/\/www.astrologue-humaniste.com\/FR\/index.php\/wp-json\/wp\/v2\/types\/post"}],"author":[{"embeddable":true,"href":"https:\/\/www.astrologue-humaniste.com\/FR\/index.php\/wp-json\/wp\/v2\/users\/1"}],"replies":[{"embeddable":true,"href":"https:\/\/www.astrologue-humaniste.com\/FR\/index.php\/wp-json\/wp\/v2\/comments?post=310"}],"version-history":[{"count":3,"href":"https:\/\/www.astrologue-humaniste.com\/FR\/index.php\/wp-json\/wp\/v2\/posts\/310\/revisions"}],"predecessor-version":[{"id":314,"href":"https:\/\/www.astrologue-humaniste.com\/FR\/index.php\/wp-json\/wp\/v2\/posts\/310\/revisions\/314"}],"wp:attachment":[{"href":"https:\/\/www.astrologue-humaniste.com\/FR\/index.php\/wp-json\/wp\/v2\/media?parent=310"}],"wp:term":[{"taxonomy":"category","embeddable":true,"href":"https:\/\/www.astrologue-humaniste.com\/FR\/index.php\/wp-json\/wp\/v2\/categories?post=310"},{"taxonomy":"post_tag","embeddable":true,"href":"https:\/\/www.astrologue-humaniste.com\/FR\/index.php\/wp-json\/wp\/v2\/tags?post=310"}],"curies":[{"name":"wp","href":"https:\/\/api.w.org\/{rel}","templated":true}]}}