{"id":294,"date":"2022-02-24T01:09:28","date_gmt":"2022-02-24T00:09:28","guid":{"rendered":"http:\/\/www.astrologue-humaniste.com\/FR\/?p=294"},"modified":"2022-02-24T01:20:15","modified_gmt":"2022-02-24T00:20:15","slug":"dernier-quartier-le-23-fevrier-2022","status":"publish","type":"post","link":"https:\/\/www.astrologue-humaniste.com\/FR\/index.php\/2022\/02\/24\/dernier-quartier-le-23-fevrier-2022\/","title":{"rendered":"Dernier Quartier le 23 f\u00e9vrier 2022"},"content":{"rendered":"\n<p class=\"has-text-color\" style=\"color:#b8226b\">Dernier Quartier le 23 f\u00e9vrier 2022 \u00e0 22h32 TU (23h32 \u00e0 Paris)<\/p>\n\n\n\n<p class=\"has-text-color\" style=\"color:#b8226b\">Invitation \u00e0 prendre conscience que la richesse d&rsquo;une soci\u00e9t\u00e9 vient de la diversit\u00e9 et de l&rsquo;excellence des personnes qui la compose.<br><br>Invitation \u00e0 reconna\u00eetre que l&rsquo;excellence n&rsquo;a de sens qu&rsquo;au service de l&rsquo;harmonie collective.<\/p>\n\n\n\n<p class=\"has-text-color\" style=\"color:#b8226b\">Invitation \u00e0 accepter\/prendre avec courage sa place et reconna\u00eetre celle de l&rsquo;autre avec tout autant de volont\u00e9, avec la foi de d\u00e9velopper l&rsquo;harmonie toute humaine.<\/p>\n\n\n\n<p class=\"has-text-color\" style=\"color:#b8226b\">Le symbole sabien du Soleil est \u00e0 6\u00b0 Poissons : \u00ab\u00a0Une parade d&rsquo;officiers de l&rsquo;arm\u00e9e en grande tenue.\u00a0\u00bb<\/p>\n\n\n\n<p class=\"has-text-color\" style=\"color:#b8226b\">Le symbole sabien de la Lune est \u00e0 6\u00b0 Sagittaire : \u00ab\u00a0Un jeu de cricket.\u00a0\u00bb<\/p>\n\n\n\n<figure class=\"wp-block-image size-large\"><img loading=\"lazy\" decoding=\"async\" width=\"1024\" height=\"1024\" src=\"https:\/\/www.astrologue-humaniste.com\/FR\/wp-content\/uploads\/2022\/02\/2022-02-23-1024x1024.jpg\" alt=\"\" class=\"wp-image-295\" srcset=\"https:\/\/www.astrologue-humaniste.com\/FR\/wp-content\/uploads\/2022\/02\/2022-02-23-1024x1024.jpg 1024w, https:\/\/www.astrologue-humaniste.com\/FR\/wp-content\/uploads\/2022\/02\/2022-02-23-300x300.jpg 300w, https:\/\/www.astrologue-humaniste.com\/FR\/wp-content\/uploads\/2022\/02\/2022-02-23-150x150.jpg 150w, https:\/\/www.astrologue-humaniste.com\/FR\/wp-content\/uploads\/2022\/02\/2022-02-23-768x769.jpg 768w, https:\/\/www.astrologue-humaniste.com\/FR\/wp-content\/uploads\/2022\/02\/2022-02-23.jpg 1298w\" sizes=\"auto, (max-width: 1024px) 100vw, 1024px\" \/><figcaption>Dernier Quartier le 23 f\u00e9vrier 2022<\/figcaption><\/figure>\n","protected":false},"excerpt":{"rendered":"<p>Dernier Quartier le 23 f\u00e9vrier 2022 \u00e0 22h32 TU (23h32 \u00e0 Paris) Invitation \u00e0 prendre conscience que la richesse d&rsquo;une soci\u00e9t\u00e9 vient de la diversit\u00e9 et de l&rsquo;excellence des personnes qui la compose. Invitation \u00e0 reconna\u00eetre que l&rsquo;excellence n&rsquo;a de sens qu&rsquo;au service de l&rsquo;harmonie collective. Invitation \u00e0 accepter\/prendre avec courage sa place et reconna\u00eetre&hellip; <a class=\"more-link\" href=\"https:\/\/www.astrologue-humaniste.com\/FR\/index.php\/2022\/02\/24\/dernier-quartier-le-23-fevrier-2022\/\">Poursuivre la lecture <span class=\"screen-reader-text\">Dernier Quartier le 23 f\u00e9vrier 2022<\/span><\/a><\/p>\n","protected":false},"author":1,"featured_media":0,"comment_status":"open","ping_status":"closed","sticky":false,"template":"","format":"standard","meta":{"footnotes":""},"categories":[5],"tags":[],"class_list":["post-294","post","type-post","status-publish","format-standard","hentry","category-premier-quartier","entry"],"_links":{"self":[{"href":"https:\/\/www.astrologue-humaniste.com\/FR\/index.php\/wp-json\/wp\/v2\/posts\/294","targetHints":{"allow":["GET"]}}],"collection":[{"href":"https:\/\/www.astrologue-humaniste.com\/FR\/index.php\/wp-json\/wp\/v2\/posts"}],"about":[{"href":"https:\/\/www.astrologue-humaniste.com\/FR\/index.php\/wp-json\/wp\/v2\/types\/post"}],"author":[{"embeddable":true,"href":"https:\/\/www.astrologue-humaniste.com\/FR\/index.php\/wp-json\/wp\/v2\/users\/1"}],"replies":[{"embeddable":true,"href":"https:\/\/www.astrologue-humaniste.com\/FR\/index.php\/wp-json\/wp\/v2\/comments?post=294"}],"version-history":[{"count":2,"href":"https:\/\/www.astrologue-humaniste.com\/FR\/index.php\/wp-json\/wp\/v2\/posts\/294\/revisions"}],"predecessor-version":[{"id":303,"href":"https:\/\/www.astrologue-humaniste.com\/FR\/index.php\/wp-json\/wp\/v2\/posts\/294\/revisions\/303"}],"wp:attachment":[{"href":"https:\/\/www.astrologue-humaniste.com\/FR\/index.php\/wp-json\/wp\/v2\/media?parent=294"}],"wp:term":[{"taxonomy":"category","embeddable":true,"href":"https:\/\/www.astrologue-humaniste.com\/FR\/index.php\/wp-json\/wp\/v2\/categories?post=294"},{"taxonomy":"post_tag","embeddable":true,"href":"https:\/\/www.astrologue-humaniste.com\/FR\/index.php\/wp-json\/wp\/v2\/tags?post=294"}],"curies":[{"name":"wp","href":"https:\/\/api.w.org\/{rel}","templated":true}]}}