{"id":285,"date":"2022-02-16T23:11:42","date_gmt":"2022-02-16T22:11:42","guid":{"rendered":"http:\/\/www.astrologue-humaniste.com\/FR\/?p=285"},"modified":"2022-02-24T01:18:23","modified_gmt":"2022-02-24T00:18:23","slug":"pleine-lune-du-16-fevrier-2022","status":"publish","type":"post","link":"https:\/\/www.astrologue-humaniste.com\/FR\/index.php\/2022\/02\/16\/pleine-lune-du-16-fevrier-2022\/","title":{"rendered":"Pleine Lune du 16 f\u00e9vrier 2022"},"content":{"rendered":"\n<p class=\"has-text-color\" style=\"color:#b8226b\">Pleine Lune le 16 f\u00e9vrier 2022 \u00e0 16h57 T.U. (17h57 \u00e0 Paris)<\/p>\n\n\n\n\n\n<p class=\"has-text-color\" style=\"color:#b8226b\">Comment satisfaire les besoins collectifs de s\u00e9curit\u00e9 et de pr\u00e9voyance tout en assurant le bien-\u00eatre et les besoins personnels vari\u00e9s des individus ?<\/p>\n\n\n\n<p class=\"has-text-color\" style=\"color:#b8226b\">L&rsquo;envie de rugir, de se lib\u00e9rer du carcan rigide de la biens\u00e9ance, d&rsquo;exprimer et de revendiquer la prise en compte de ses besoins personnels sont l\u00e9gitimes. Malgr\u00e9 les app\u00e2ts rances, les besoins individuels ne sont pas en opposition avec les besoins collectifs d&rsquo;\u00e9volution sauf \u00e0 r\u00e9duire cette \u00e9volution \u00e0 la satisfaction de besoins mat\u00e9riels pr\u00e9d\u00e9finis par la peur. D\u00e9fier pour rencontrer. L&rsquo;exploration commence o\u00f9 s&rsquo;arr\u00eate le cadre. Rien n&rsquo;est s\u00e9par\u00e9, tout \u00e0 sa place.<\/p>\n\n\n\n<p class=\"has-text-color\" style=\"color:#b8226b\">Il y a assez de place dans les parterres pour que s&rsquo;\u00e9panouissent les fleurs, il y a assez de place dans le champs pour que chaque grain de bl\u00e9 rende un \u00e9pi g\u00e9n\u00e9reux, il y a assez de place dans les branches de l&rsquo;arbre de la Vie pour chaque oiseau de l&rsquo;Esprit.<\/p>\n\n\n\n<p class=\"has-text-color\" style=\"color:#b8226b\">Le symbole sabien du Soleil est \u00e0 28\u00b0 Verseau : \u00ab\u00a0Un arbre abattu et sci\u00e9 pour assurer une r\u00e9serve de bois pour l&rsquo;hiver\u00a0\u00bb.<\/p>\n\n\n\n<p>Le symbole sabien de la Lune est \u00e0 28\u00b0 Lion : \u00ab\u00a0De nombreux petits oiseaux sur une grosse branche d&rsquo;un grand arbre\u00a0\u00bb.<\/p>\n\n\n\n<figure class=\"wp-block-image size-large\"><img loading=\"lazy\" decoding=\"async\" width=\"1018\" height=\"1024\" src=\"https:\/\/www.astrologue-humaniste.com\/FR\/wp-content\/uploads\/2022\/02\/2022-02-16-1018x1024.jpg\" alt=\"\" class=\"wp-image-286\" srcset=\"https:\/\/www.astrologue-humaniste.com\/FR\/wp-content\/uploads\/2022\/02\/2022-02-16-1018x1024.jpg 1018w, https:\/\/www.astrologue-humaniste.com\/FR\/wp-content\/uploads\/2022\/02\/2022-02-16-298x300.jpg 298w, https:\/\/www.astrologue-humaniste.com\/FR\/wp-content\/uploads\/2022\/02\/2022-02-16-150x150.jpg 150w, https:\/\/www.astrologue-humaniste.com\/FR\/wp-content\/uploads\/2022\/02\/2022-02-16-768x772.jpg 768w, https:\/\/www.astrologue-humaniste.com\/FR\/wp-content\/uploads\/2022\/02\/2022-02-16.jpg 1292w\" sizes=\"auto, (max-width: 1018px) 100vw, 1018px\" \/><\/figure>\n","protected":false},"excerpt":{"rendered":"","protected":false},"author":1,"featured_media":0,"comment_status":"open","ping_status":"closed","sticky":false,"template":"","format":"standard","meta":{"footnotes":""},"categories":[5],"tags":[],"class_list":["post-285","post","type-post","status-publish","format-standard","hentry","category-premier-quartier","entry"],"_links":{"self":[{"href":"https:\/\/www.astrologue-humaniste.com\/FR\/index.php\/wp-json\/wp\/v2\/posts\/285","targetHints":{"allow":["GET"]}}],"collection":[{"href":"https:\/\/www.astrologue-humaniste.com\/FR\/index.php\/wp-json\/wp\/v2\/posts"}],"about":[{"href":"https:\/\/www.astrologue-humaniste.com\/FR\/index.php\/wp-json\/wp\/v2\/types\/post"}],"author":[{"embeddable":true,"href":"https:\/\/www.astrologue-humaniste.com\/FR\/index.php\/wp-json\/wp\/v2\/users\/1"}],"replies":[{"embeddable":true,"href":"https:\/\/www.astrologue-humaniste.com\/FR\/index.php\/wp-json\/wp\/v2\/comments?post=285"}],"version-history":[{"count":1,"href":"https:\/\/www.astrologue-humaniste.com\/FR\/index.php\/wp-json\/wp\/v2\/posts\/285\/revisions"}],"predecessor-version":[{"id":287,"href":"https:\/\/www.astrologue-humaniste.com\/FR\/index.php\/wp-json\/wp\/v2\/posts\/285\/revisions\/287"}],"wp:attachment":[{"href":"https:\/\/www.astrologue-humaniste.com\/FR\/index.php\/wp-json\/wp\/v2\/media?parent=285"}],"wp:term":[{"taxonomy":"category","embeddable":true,"href":"https:\/\/www.astrologue-humaniste.com\/FR\/index.php\/wp-json\/wp\/v2\/categories?post=285"},{"taxonomy":"post_tag","embeddable":true,"href":"https:\/\/www.astrologue-humaniste.com\/FR\/index.php\/wp-json\/wp\/v2\/tags?post=285"}],"curies":[{"name":"wp","href":"https:\/\/api.w.org\/{rel}","templated":true}]}}