{"id":232,"date":"2022-01-25T01:37:13","date_gmt":"2022-01-25T00:37:13","guid":{"rendered":"http:\/\/www.astrologue-humaniste.com\/FR\/?p=232"},"modified":"2022-01-25T02:41:48","modified_gmt":"2022-01-25T01:41:48","slug":"dernier-quartier-le-25-janvier-2022","status":"publish","type":"post","link":"https:\/\/www.astrologue-humaniste.com\/FR\/index.php\/2022\/01\/25\/dernier-quartier-le-25-janvier-2022\/","title":{"rendered":"Dernier Quartier le 25 janvier 2022"},"content":{"rendered":"\n<p class=\"has-text-color\" style=\"color:#b8226b\">Pleine Lune le 16 f\u00e9vrier 2022 \u00e0 16h57 T.U. (17h57 \u00e0 Paris)<\/p>\n\n\n\n\n\n<p class=\"has-text-color\" style=\"color:#b8226b\">Comment satisfaire les besoins collectifs de s\u00e9curit\u00e9 et de pr\u00e9voyance tout en assurant le bien-\u00eatre et les besoins personnels vari\u00e9s des individus ?<\/p>\n\n\n\n<p class=\"has-text-color\" style=\"color:#b8226b\">L&rsquo;envie de rugir, de se lib\u00e9rer du carcan rigide de la biens\u00e9ance, d&rsquo;exprimer et de revendiquer la prise en compte de ses besoins personnels sont l\u00e9gitimes. Malgr\u00e9 les app\u00e2ts rances, les besoins individuels ne sont pas en opposition avec les besoins collectifs d&rsquo;\u00e9volution sauf \u00e0 r\u00e9duire cette \u00e9volution \u00e0 la satisfaction de besoins mat\u00e9riels pr\u00e9d\u00e9finis par la peur. D\u00e9fier pour rencontrer. L&rsquo;exploration commence o\u00f9 s&rsquo;arr\u00eate le cadre. Rien n&rsquo;est s\u00e9par\u00e9, tout \u00e0 sa place.<\/p>\n\n\n\n<p class=\"has-text-color\" style=\"color:#b8226b\">Il y a assez de place dans les parterres pour que s&rsquo;\u00e9panouissent les fleurs, il y a assez de place dans le champs pour que chaque grain de bl\u00e9 rende un \u00e9pi g\u00e9n\u00e9reux, il y a assez de place dans les branches de l&rsquo;arbre de la Vie pour chaque oiseau de l&rsquo;Esprit.<\/p>\n\n\n\n<p class=\"has-text-color\" style=\"color:#b8226b\">Le symbole sabien du Soleil est \u00e0 28\u00b0 Verseau : \u00ab\u00a0Un arbre abattu et sci\u00e9 pour assurer une r\u00e9serve de bois pour l&rsquo;hiver\u00a0\u00bb.<\/p>\n\n\n\n<p>Le symbole sabien de la Lune est \u00e0 28\u00b0 Lion : \u00ab\u00a0De nombreux petits oiseaux sur une grosse branche d&rsquo;un grand arbre\u00a0\u00bb.<\/p>\n\n\n\n<div class=\"wp-block-image\"><figure class=\"aligncenter size-large is-resized\"><img loading=\"lazy\" decoding=\"async\" src=\"https:\/\/www.astrologue-humaniste.com\/FR\/wp-content\/uploads\/2022\/01\/2022-01-25-1-1024x983.jpg\" alt=\"\" class=\"wp-image-234\" width=\"693\" height=\"663\"\/><\/figure><\/div>\n\n\n\n<p><\/p>\n\n\n\n<p><span style=\"color:#b8226b\" class=\"has-inline-color\">Entre avidit\u00e9 personnelle et transcendance de l&rsquo;ego, invitation \u00e0 revoir ce que l&rsquo;on pense laisser comme contribution durable \u00e0 l&rsquo;\u00e9volution de l&rsquo;Humanit\u00e9.<\/span><br><br><span style=\"color:#b8226b\" class=\"has-inline-color\">L&rsquo;assimilation d&rsquo;une discipline collective pleinement accept\u00e9e, responsabilit\u00e9 de groupe bas\u00e9e sur une loi et une foi collective, et la volont\u00e9 d&rsquo;assumer individuellement l&rsquo;autorit\u00e9 n\u00e9cessaire \u00e0 l&rsquo;exercice de cette responsabilit\u00e9, peuvent nous y aider. La vis\u00e9e reste globale et collective. <br><br>Recherche d&rsquo;une ad\u00e9quation entre \u00eatre soi et \u00eatre \u00e9lu, exaltation ou assomption joyeuse de l&rsquo;\u00e2me, ou du Soi, \u00e0 travers la contribution de l&rsquo;ego. Je suis qui je suis. <br><br>Le symbole sabien du Soleil est \u00e0 6\u00b0 Verseau) : \u00ab\u00a0Une silhouette masqu\u00e9e accomplit des actes ritualistes dans un myst\u00e8re\u00a0\u00bb.<br>Le symbole sabien de la Lune est \u00e0 6\u00b0 Scorpion : \u00ab\u00a0La ru\u00e9e vers l&rsquo;or arrache les hommes \u00e0 leur sol natal\u00a0\u00bb. <\/span><br><br><\/p>\n\n\n\n<p class=\"has-text-color\" style=\"color:#b8226b\">Pleine Lune le 16 f\u00e9vrier 2022 \u00e0 16h57 T.U. (17h57 \u00e0 Paris)<\/p>\n\n\n\n\n\n<p class=\"has-text-color\" style=\"color:#b8226b\">Comment satisfaire les besoins collectifs de s\u00e9curit\u00e9 et de pr\u00e9voyance tout en assurant le bien-\u00eatre et les besoins personnels vari\u00e9s des individus ?<\/p>\n\n\n\n<p class=\"has-text-color\" style=\"color:#b8226b\">L&rsquo;envie de rugir, de se lib\u00e9rer du carcan rigide de la biens\u00e9ance, d&rsquo;exprimer et de revendiquer la prise en compte de ses besoins personnels sont l\u00e9gitimes. Malgr\u00e9 les app\u00e2ts rances, les besoins individuels ne sont pas en opposition avec les besoins collectifs d&rsquo;\u00e9volution sauf \u00e0 r\u00e9duire cette \u00e9volution \u00e0 la satisfaction de besoins mat\u00e9riels pr\u00e9d\u00e9finis par la peur. D\u00e9fier pour rencontrer. L&rsquo;exploration commence o\u00f9 s&rsquo;arr\u00eate le cadre. Rien n&rsquo;est s\u00e9par\u00e9, tout \u00e0 sa place.<\/p>\n\n\n\n<p class=\"has-text-color\" style=\"color:#b8226b\">Il y a assez de place dans les parterres pour que s&rsquo;\u00e9panouissent les fleurs, il y a assez de place dans le champs pour que chaque grain de bl\u00e9 rende un \u00e9pi g\u00e9n\u00e9reux, il y a assez de place dans les branches de l&rsquo;arbre de la Vie pour chaque oiseau de l&rsquo;Esprit.<\/p>\n\n\n\n<p class=\"has-text-color\" style=\"color:#b8226b\">Le symbole sabien du Soleil est \u00e0 28\u00b0 Verseau : \u00ab\u00a0Un arbre abattu et sci\u00e9 pour assurer une r\u00e9serve de bois pour l&rsquo;hiver\u00a0\u00bb.<\/p>\n\n\n\n<p>Le symbole sabien de la Lune est \u00e0 28\u00b0 Lion : \u00ab\u00a0De nombreux petits oiseaux sur une grosse branche d&rsquo;un grand arbre\u00a0\u00bb.<\/p>\n\n\n\n<p><\/p>\n","protected":false},"excerpt":{"rendered":"<p>Entre avidit\u00e9 personnelle et transcendance de l&rsquo;ego, invitation \u00e0 revoir ce que l&rsquo;on pense laisser comme contribution durable \u00e0 l&rsquo;\u00e9volution de l&rsquo;Humanit\u00e9. L&rsquo;assimilation d&rsquo;une discipline collective pleinement accept\u00e9e, responsabilit\u00e9 de groupe bas\u00e9e sur une loi et une foi collective, et la volont\u00e9 d&rsquo;assumer individuellement l&rsquo;autorit\u00e9 n\u00e9cessaire \u00e0 l&rsquo;exercice de cette responsabilit\u00e9, peuvent nous y aider.&hellip; <a class=\"more-link\" href=\"https:\/\/www.astrologue-humaniste.com\/FR\/index.php\/2022\/01\/25\/dernier-quartier-le-25-janvier-2022\/\">Poursuivre la lecture <span class=\"screen-reader-text\">Dernier Quartier le 25 janvier 2022<\/span><\/a><\/p>\n","protected":false},"author":1,"featured_media":0,"comment_status":"open","ping_status":"closed","sticky":false,"template":"","format":"standard","meta":{"footnotes":""},"categories":[5],"tags":[],"class_list":["post-232","post","type-post","status-publish","format-standard","hentry","category-premier-quartier","entry"],"_links":{"self":[{"href":"https:\/\/www.astrologue-humaniste.com\/FR\/index.php\/wp-json\/wp\/v2\/posts\/232","targetHints":{"allow":["GET"]}}],"collection":[{"href":"https:\/\/www.astrologue-humaniste.com\/FR\/index.php\/wp-json\/wp\/v2\/posts"}],"about":[{"href":"https:\/\/www.astrologue-humaniste.com\/FR\/index.php\/wp-json\/wp\/v2\/types\/post"}],"author":[{"embeddable":true,"href":"https:\/\/www.astrologue-humaniste.com\/FR\/index.php\/wp-json\/wp\/v2\/users\/1"}],"replies":[{"embeddable":true,"href":"https:\/\/www.astrologue-humaniste.com\/FR\/index.php\/wp-json\/wp\/v2\/comments?post=232"}],"version-history":[{"count":7,"href":"https:\/\/www.astrologue-humaniste.com\/FR\/index.php\/wp-json\/wp\/v2\/posts\/232\/revisions"}],"predecessor-version":[{"id":259,"href":"https:\/\/www.astrologue-humaniste.com\/FR\/index.php\/wp-json\/wp\/v2\/posts\/232\/revisions\/259"}],"wp:attachment":[{"href":"https:\/\/www.astrologue-humaniste.com\/FR\/index.php\/wp-json\/wp\/v2\/media?parent=232"}],"wp:term":[{"taxonomy":"category","embeddable":true,"href":"https:\/\/www.astrologue-humaniste.com\/FR\/index.php\/wp-json\/wp\/v2\/categories?post=232"},{"taxonomy":"post_tag","embeddable":true,"href":"https:\/\/www.astrologue-humaniste.com\/FR\/index.php\/wp-json\/wp\/v2\/tags?post=232"}],"curies":[{"name":"wp","href":"https:\/\/api.w.org\/{rel}","templated":true}]}}